{"headers": {"id": "ID", "ano": "Ano", "numero": "N\u00famero", "tipo__sigla": "Tipo de Mat\u00e9ria Legislativa/Sigla", "tipo__descricao": "Tipo de Mat\u00e9ria Legislativa/Descri\u00e7\u00e3o", "autoria": "Autorias", "texto_original": "Texto Original", "ementa": "Ementa"}, "results": [{"id": "1", "ano": "2021", "numero": "1", "tipo__sigla": "MOC", "tipo__descricao": "Mo\u00e7\u00e3o", "autoria": "Celio do Nen\u00ea, Cezar Bueno de Melo, Chic\u00e3o, Edvaldo do Barro Preto, Fl\u00e1vio Farias, Man\u00e9 do Sap\u00e9, Neli Couto, Vin\u00e3o", "texto_original": "http://sapl.tomazina.pr.leg.br/media/", "ementa": "A C\u00c2MARA MUNICIPAL DE TOMAZINA, AP\u00d3S APROVA\u00c7\u00c3O DO SOBERANO PLEN\u00c1RIO EM VOTA\u00c7\u00c3O UN\u00c2NIME, MANIFESTA MO\u00c7\u00c3O DE APLAUSOS AOS FUNCION\u00c1RIOS DA SA\u00daDE P\u00daBLICA DE TOMAZINA PELA BRILHANTE E EXEMPLAR ATUA\u00c7\u00c3O NO COMBATE \u00c0 PANDEMIA COVID-19, TRATANDO OS INFECTADOS, SALVANDO VIDAS E CONSOLANDO FAM\u00cdLIAS. A ATUA\u00c7\u00c3O DA EQUIPE DE SA\u00daDE \u00c9 DIGNA DESTA MO\u00c7\u00c3O E OS FUNCION\u00c1RIOS\r\nDESSA SECRETARIA SEMPRE SER\u00c3O LEMBRADOS COMO HER\u00d3IS NO COMBATE \u00c0 ESTA GRAVE DOEN\u00c7A QUE ACOMETEU O MUNDO."}]}