{"headers": {"id": "ID", "ano": "Ano", "numero": "N\u00famero", "tipo__sigla": "Tipo de Mat\u00e9ria Legislativa/Sigla", "tipo__descricao": "Tipo de Mat\u00e9ria Legislativa/Descri\u00e7\u00e3o", "autoria": "Autorias", "texto_original": "Texto Original", "ementa": "Ementa"}, "results": [{"id": "2", "ano": "2019", "numero": "1", "tipo__sigla": "MOC", "tipo__descricao": "Mo\u00e7\u00e3o", "autoria": "Bet\u00e3o, Cezar Bueno de Melo, Derli Rodrigues, Edilson Vidal (Edils\u00e3o), Man\u00e9 do Sap\u00e9, Marildinho, Marquinho, Rodrigo Faria, Wesley Marques", "texto_original": "http://sapl.tomazina.pr.leg.br/media/sapl/public/materialegislativa/2019/2/mocao_apoio_correios_0119_mocao_012019_apoio_func_correios_contra_a_privatizacao.pdf", "ementa": "A C\u00c2MARA MUNICIPAL DE TOMAINZA, AP\u00d3S APROVA\u00c7\u00c3O DO SOBERANO PLEN\u00c1RIO EM VOTA\u00c7\u00c3O UN\u00c2NIME, MANIFESTA MO\u00c7\u00c3O DE APOIO AO MOVIMENTO DOS FUNCION\u00c1RIOS DOS CORREIOS, POSICIONANDO-SE CONTRA A PRIVATIZA\u00c7\u00c3O DA EMPRESA BRASILEIRA DE CORREIOS E TEL\u00c9GRAFOS."}]}