{"id":2,"__str__":"Mo\u00e7\u00e3o n\u00ba 1 de 2019","link_detail_backend":"/materia/2","metadata":{},"numero":1,"ano":2019,"numero_protocolo":null,"data_apresentacao":"2019-12-09","tipo_apresentacao":"E","data_publicacao":null,"numero_origem_externa":"","ano_origem_externa":null,"data_origem_externa":null,"apelido":"","dias_prazo":null,"data_fim_prazo":null,"em_tramitacao":false,"polemica":false,"objeto":"","complementar":false,"ementa":"A C\u00c2MARA MUNICIPAL DE TOMAINZA, AP\u00d3S APROVA\u00c7\u00c3O DO SOBERANO PLEN\u00c1RIO EM VOTA\u00c7\u00c3O UN\u00c2NIME, MANIFESTA MO\u00c7\u00c3O DE APOIO AO MOVIMENTO DOS FUNCION\u00c1RIOS DOS CORREIOS, POSICIONANDO-SE CONTRA A PRIVATIZA\u00c7\u00c3O DA EMPRESA BRASILEIRA DE CORREIOS E TEL\u00c9GRAFOS.","indexacao":"","observacao":"","resultado":"","texto_original":"http://sapl.tomazina.pr.leg.br/media/sapl/public/materialegislativa/2019/2/mocao_apoio_correios_0119_mocao_012019_apoio_func_correios_contra_a_privatizacao.pdf","data_ultima_atualizacao":"2026-04-08T22:52:57.499133-03:00","ip":"177.6.161.201","ultima_edicao":"2026-04-08T22:50:51.558934-03:00","tipo":1,"regime_tramitacao":1,"tipo_origem_externa":null,"local_origem_externa":null,"user":2,"anexadas":[],"autores":[1,15,12,18,6,16,17,19,20]}