{"id":1,"__str__":"Mo\u00e7\u00e3o n\u00ba 1 de 2021","link_detail_backend":"/materia/1","metadata":{},"numero":1,"ano":2021,"numero_protocolo":null,"data_apresentacao":"2021-12-06","tipo_apresentacao":"E","data_publicacao":null,"numero_origem_externa":"","ano_origem_externa":null,"data_origem_externa":null,"apelido":"","dias_prazo":null,"data_fim_prazo":null,"em_tramitacao":false,"polemica":false,"objeto":"","complementar":false,"ementa":"A C\u00c2MARA MUNICIPAL DE TOMAZINA, AP\u00d3S APROVA\u00c7\u00c3O DO SOBERANO PLEN\u00c1RIO EM VOTA\u00c7\u00c3O UN\u00c2NIME, MANIFESTA MO\u00c7\u00c3O DE APLAUSOS AOS FUNCION\u00c1RIOS DA SA\u00daDE P\u00daBLICA DE TOMAZINA PELA BRILHANTE E EXEMPLAR ATUA\u00c7\u00c3O NO COMBATE \u00c0 PANDEMIA COVID-19, TRATANDO OS INFECTADOS, SALVANDO VIDAS E CONSOLANDO FAM\u00cdLIAS. A ATUA\u00c7\u00c3O DA EQUIPE DE SA\u00daDE \u00c9 DIGNA DESTA MO\u00c7\u00c3O E OS FUNCION\u00c1RIOS\r\nDESSA SECRETARIA SEMPRE SER\u00c3O LEMBRADOS COMO HER\u00d3IS NO COMBATE \u00c0 ESTA GRAVE DOEN\u00c7A QUE ACOMETEU O MUNDO.","indexacao":"","observacao":"","resultado":"","texto_original":null,"data_ultima_atualizacao":"2026-04-08T22:40:56.111340-03:00","ip":"177.6.161.201","ultima_edicao":"2026-04-08T22:39:59.637127-03:00","tipo":1,"regime_tramitacao":1,"tipo_origem_externa":null,"local_origem_externa":null,"user":2,"anexadas":[],"autores":[9,15,4,10,13,6,11,14]}